{"id":18526,"date":"2026-08-28T14:10:03","date_gmt":"2026-08-28T14:10:03","guid":{"rendered":"https:\/\/wittenstein.ee\/?p=18526"},"modified":"2026-08-28T14:10:03","modified_gmt":"2026-08-28T14:10:03","slug":"new-exhibition-estonian-book-500-at-wittenstein-time-centre","status":"publish","type":"post","link":"https:\/\/wittenstein.ee\/en\/news\/new-exhibition-estonian-book-500-at-wittenstein-time-centre\/","title":{"rendered":"New Exhibition \u201cEstonian Book 500\u201d at Wittenstein Time Centre"},"content":{"rendered":"<h2>Exhibition \u201cEstonian Book 500\u201d Opens at Wittenstein Time Centre<\/h2>\n<p>On 3 September at 12:00, the exhibition \u201cEstonian Book 500\u201d will open at Wittenstein Time Centre, located in the Paide Rampart Tower.<\/p>\n<p>At the opening, historian and Senior Researcher at Tallinn University Aivar P\u00f5ldvee will take visitors on a journey back to the early days of Estonian book history.<\/p>\n<p>The exhibition was created as part of the Estonian Book Year 2025\u20132026 in cooperation with Tallinn University, Tallinn City Archives and the Art Museum of Estonia. In its original form, the exhibition was displayed at the Niguliste Museum in Tallinn together with important artefacts from the history of Estonian written culture and books. It was later presented at the Estonian Literary Museum in Tartu.<\/p>\n<p>At Wittenstein Time Centre, the exhibition panels are displayed along the stairway of the Paide Rampart Tower, offering visitors an opportunity to travel through the history of Estonian books and learn about the development of Estonian written culture.<\/p>\n<p>The exhibition was curated by Aivar P\u00f5ldvee from Tallinn University, Lea K\u00f5iv from Tallinn City Archives and Tiiu Reimo. The graphic design was created by Asko K\u00fcnnap.<\/p>\n<p>The opening of the exhibition \u201cEstonian Book 500\u201d will take place on 3 September at 12:00 at Wittenstein Time Centre in the Paide Rampart Tower.<\/p>\n<p>After the opening, the exhibition can be visited during the regular opening hours of Wittenstein Time Centre, Wednesday to Sunday from 10:00 to 18:00.<\/p>\n<p>Further information:<br \/>\nR\u00fcndo M\u00fclts<br \/>\nSA Ajakeskus Wittenstein \/ J\u00e4rvamaa Museum<br \/>\n+372 5668 2165<\/p>\n","protected":false},"excerpt":{"rendered":"<p>Exhibition \u201cEstonian Book 500\u201d Opens at Wittenstein Time Centre On 3 September at 12:00, the exhibition \u201cEstonian Book 500\u201d will open at Wittenstein Time Centre, located in the Paide Rampart Tower. At the opening, historian and Senior Researcher at Tallinn University Aivar P\u00f5ldvee will take visitors on a journey back to the early days of [&hellip;]<\/p>\n","protected":false},"author":4,"featured_media":18527,"comment_status":"closed","ping_status":"closed","sticky":false,"template":"","format":"standard","meta":{"_et_pb_use_builder":"","_et_pb_old_content":"","_et_gb_content_width":"","footnotes":""},"categories":[8],"tags":[],"class_list":["post-18526","post","type-post","status-publish","format-standard","has-post-thumbnail","hentry","category-news"],"yoast_head":"<!-- This site is optimized with the Yoast SEO plugin v28.1 - https:\/\/yoast.com\/product\/yoast-seo-wordpress\/ -->\n<title>New Exhibition \u201cEstonian Book 500\u201d at Wittenstein Time Centre - Wittenstein<\/title>\n<meta name=\"robots\" content=\"index, follow, max-snippet:-1, max-image-preview:large, max-video-preview:-1\" \/>\n<link rel=\"canonical\" href=\"https:\/\/wittenstein.ee\/en\/news\/new-exhibition-estonian-book-500-at-wittenstein-time-centre\/\" \/>\n<meta property=\"og:locale\" content=\"en_US\" \/>\n<meta property=\"og:type\" content=\"article\" \/>\n<meta property=\"og:title\" content=\"New Exhibition \u201cEstonian Book 500\u201d at Wittenstein Time Centre - Wittenstein\" \/>\n<meta property=\"og:description\" content=\"Exhibition \u201cEstonian Book 500\u201d Opens at Wittenstein Time Centre On 3 September at 12:00, the exhibition \u201cEstonian Book 500\u201d will open at Wittenstein Time Centre, located in the Paide Rampart Tower. At the opening, historian and Senior Researcher at Tallinn University Aivar P\u00f5ldvee will take visitors on a journey back to the early days of [&hellip;]\" \/>\n<meta property=\"og:url\" content=\"https:\/\/wittenstein.ee\/en\/news\/new-exhibition-estonian-book-500-at-wittenstein-time-centre\/\" \/>\n<meta property=\"og:site_name\" content=\"Wittenstein\" \/>\n<meta property=\"article:publisher\" content=\"https:\/\/www.facebook.com\/ajakeskus\" \/>\n<meta property=\"article:published_time\" content=\"2026-08-28T14:10:03+00:00\" \/>\n<meta property=\"og:image\" content=\"https:\/\/wittenstein.ee\/wp-content\/uploads\/2026\/08\/Uus-naitus.png\" \/>\n\t<meta property=\"og:image:width\" content=\"800\" \/>\n\t<meta property=\"og:image:height\" content=\"541\" \/>\n\t<meta property=\"og:image:type\" content=\"image\/png\" \/>\n<meta name=\"author\" content=\"Eliis\" \/>\n<meta name=\"twitter:label1\" content=\"Written by\" \/>\n\t<meta name=\"twitter:data1\" content=\"Eliis\" \/>\n\t<meta name=\"twitter:label2\" content=\"Est. reading time\" \/>\n\t<meta name=\"twitter:data2\" content=\"2 minutes\" \/>\n<script type=\"application\/ld+json\" class=\"yoast-schema-graph\">{\"@context\":\"https:\\\/\\\/schema.org\",\"@graph\":[{\"@type\":\"Article\",\"@id\":\"https:\\\/\\\/wittenstein.ee\\\/en\\\/news\\\/new-exhibition-estonian-book-500-at-wittenstein-time-centre\\\/#article\",\"isPartOf\":{\"@id\":\"https:\\\/\\\/wittenstein.ee\\\/en\\\/news\\\/new-exhibition-estonian-book-500-at-wittenstein-time-centre\\\/\"},\"author\":{\"name\":\"Eliis\",\"@id\":\"https:\\\/\\\/wittenstein.ee\\\/en\\\/#\\\/schema\\\/person\\\/5b65e5fa69c3b78c0907243da2a0de2c\"},\"headline\":\"New Exhibition \u201cEstonian Book 500\u201d at Wittenstein Time Centre\",\"datePublished\":\"2026-08-28T14:10:03+00:00\",\"mainEntityOfPage\":{\"@id\":\"https:\\\/\\\/wittenstein.ee\\\/en\\\/news\\\/new-exhibition-estonian-book-500-at-wittenstein-time-centre\\\/\"},\"wordCount\":250,\"publisher\":{\"@id\":\"https:\\\/\\\/wittenstein.ee\\\/en\\\/#organization\"},\"image\":{\"@id\":\"https:\\\/\\\/wittenstein.ee\\\/en\\\/news\\\/new-exhibition-estonian-book-500-at-wittenstein-time-centre\\\/#primaryimage\"},\"thumbnailUrl\":\"https:\\\/\\\/wittenstein.ee\\\/wp-content\\\/uploads\\\/2026\\\/08\\\/Uus-naitus.png\",\"articleSection\":[\"News\"],\"inLanguage\":\"en-US\"},{\"@type\":\"WebPage\",\"@id\":\"https:\\\/\\\/wittenstein.ee\\\/en\\\/news\\\/new-exhibition-estonian-book-500-at-wittenstein-time-centre\\\/\",\"url\":\"https:\\\/\\\/wittenstein.ee\\\/en\\\/news\\\/new-exhibition-estonian-book-500-at-wittenstein-time-centre\\\/\",\"name\":\"New Exhibition \u201cEstonian Book 500\u201d at Wittenstein Time Centre - Wittenstein\",\"isPartOf\":{\"@id\":\"https:\\\/\\\/wittenstein.ee\\\/en\\\/#website\"},\"primaryImageOfPage\":{\"@id\":\"https:\\\/\\\/wittenstein.ee\\\/en\\\/news\\\/new-exhibition-estonian-book-500-at-wittenstein-time-centre\\\/#primaryimage\"},\"image\":{\"@id\":\"https:\\\/\\\/wittenstein.ee\\\/en\\\/news\\\/new-exhibition-estonian-book-500-at-wittenstein-time-centre\\\/#primaryimage\"},\"thumbnailUrl\":\"https:\\\/\\\/wittenstein.ee\\\/wp-content\\\/uploads\\\/2026\\\/08\\\/Uus-naitus.png\",\"datePublished\":\"2026-08-28T14:10:03+00:00\",\"breadcrumb\":{\"@id\":\"https:\\\/\\\/wittenstein.ee\\\/en\\\/news\\\/new-exhibition-estonian-book-500-at-wittenstein-time-centre\\\/#breadcrumb\"},\"inLanguage\":\"en-US\",\"potentialAction\":[{\"@type\":\"ReadAction\",\"target\":[\"https:\\\/\\\/wittenstein.ee\\\/en\\\/news\\\/new-exhibition-estonian-book-500-at-wittenstein-time-centre\\\/\"]}]},{\"@type\":\"ImageObject\",\"inLanguage\":\"en-US\",\"@id\":\"https:\\\/\\\/wittenstein.ee\\\/en\\\/news\\\/new-exhibition-estonian-book-500-at-wittenstein-time-centre\\\/#primaryimage\",\"url\":\"https:\\\/\\\/wittenstein.ee\\\/wp-content\\\/uploads\\\/2026\\\/08\\\/Uus-naitus.png\",\"contentUrl\":\"https:\\\/\\\/wittenstein.ee\\\/wp-content\\\/uploads\\\/2026\\\/08\\\/Uus-naitus.png\",\"width\":800,\"height\":541},{\"@type\":\"BreadcrumbList\",\"@id\":\"https:\\\/\\\/wittenstein.ee\\\/en\\\/news\\\/new-exhibition-estonian-book-500-at-wittenstein-time-centre\\\/#breadcrumb\",\"itemListElement\":[{\"@type\":\"ListItem\",\"position\":1,\"name\":\"Home\",\"item\":\"https:\\\/\\\/wittenstein.ee\\\/en\\\/\"},{\"@type\":\"ListItem\",\"position\":2,\"name\":\"New Exhibition \u201cEstonian Book 500\u201d at Wittenstein Time Centre\"}]},{\"@type\":\"WebSite\",\"@id\":\"https:\\\/\\\/wittenstein.ee\\\/en\\\/#website\",\"url\":\"https:\\\/\\\/wittenstein.ee\\\/en\\\/\",\"name\":\"Ajakeskus Wittenstein\",\"description\":\"\",\"publisher\":{\"@id\":\"https:\\\/\\\/wittenstein.ee\\\/en\\\/#organization\"},\"potentialAction\":[{\"@type\":\"SearchAction\",\"target\":{\"@type\":\"EntryPoint\",\"urlTemplate\":\"https:\\\/\\\/wittenstein.ee\\\/en\\\/?s={search_term_string}\"},\"query-input\":{\"@type\":\"PropertyValueSpecification\",\"valueRequired\":true,\"valueName\":\"search_term_string\"}}],\"inLanguage\":\"en-US\"},{\"@type\":\"Organization\",\"@id\":\"https:\\\/\\\/wittenstein.ee\\\/en\\\/#organization\",\"name\":\"Ajakeskus Wittenstein\",\"url\":\"https:\\\/\\\/wittenstein.ee\\\/en\\\/\",\"logo\":{\"@type\":\"ImageObject\",\"inLanguage\":\"en-US\",\"@id\":\"https:\\\/\\\/wittenstein.ee\\\/en\\\/#\\\/schema\\\/logo\\\/image\\\/\",\"url\":\"https:\\\/\\\/wittenstein.eu\\\/wp-content\\\/uploads\\\/2018\\\/01\\\/ajakeskus_wittenstein_logo_vectorized-e1570191880461.png\",\"contentUrl\":\"https:\\\/\\\/wittenstein.eu\\\/wp-content\\\/uploads\\\/2018\\\/01\\\/ajakeskus_wittenstein_logo_vectorized-e1570191880461.png\",\"width\":1579,\"height\":1701,\"caption\":\"Ajakeskus Wittenstein\"},\"image\":{\"@id\":\"https:\\\/\\\/wittenstein.ee\\\/en\\\/#\\\/schema\\\/logo\\\/image\\\/\"},\"sameAs\":[\"https:\\\/\\\/www.facebook.com\\\/ajakeskus\"]},{\"@type\":\"Person\",\"@id\":\"https:\\\/\\\/wittenstein.ee\\\/en\\\/#\\\/schema\\\/person\\\/5b65e5fa69c3b78c0907243da2a0de2c\",\"name\":\"Eliis\"}]}<\/script>\n<!-- \/ Yoast SEO plugin. -->","yoast_head_json":{"title":"New Exhibition \u201cEstonian Book 500\u201d at Wittenstein Time Centre - Wittenstein","robots":{"index":"index","follow":"follow","max-snippet":"max-snippet:-1","max-image-preview":"max-image-preview:large","max-video-preview":"max-video-preview:-1"},"canonical":"https:\/\/wittenstein.ee\/en\/news\/new-exhibition-estonian-book-500-at-wittenstein-time-centre\/","og_locale":"en_US","og_type":"article","og_title":"New Exhibition \u201cEstonian Book 500\u201d at Wittenstein Time Centre - Wittenstein","og_description":"Exhibition \u201cEstonian Book 500\u201d Opens at Wittenstein Time Centre On 3 September at 12:00, the exhibition \u201cEstonian Book 500\u201d will open at Wittenstein Time Centre, located in the Paide Rampart Tower. At the opening, historian and Senior Researcher at Tallinn University Aivar P\u00f5ldvee will take visitors on a journey back to the early days of [&hellip;]","og_url":"https:\/\/wittenstein.ee\/en\/news\/new-exhibition-estonian-book-500-at-wittenstein-time-centre\/","og_site_name":"Wittenstein","article_publisher":"https:\/\/www.facebook.com\/ajakeskus","article_published_time":"2026-08-28T14:10:03+00:00","og_image":[{"width":800,"height":541,"url":"https:\/\/wittenstein.ee\/wp-content\/uploads\/2026\/08\/Uus-naitus.png","type":"image\/png"}],"author":"Eliis","twitter_misc":{"Written by":"Eliis","Est. reading time":"2 minutes"},"schema":{"@context":"https:\/\/schema.org","@graph":[{"@type":"Article","@id":"https:\/\/wittenstein.ee\/en\/news\/new-exhibition-estonian-book-500-at-wittenstein-time-centre\/#article","isPartOf":{"@id":"https:\/\/wittenstein.ee\/en\/news\/new-exhibition-estonian-book-500-at-wittenstein-time-centre\/"},"author":{"name":"Eliis","@id":"https:\/\/wittenstein.ee\/en\/#\/schema\/person\/5b65e5fa69c3b78c0907243da2a0de2c"},"headline":"New Exhibition \u201cEstonian Book 500\u201d at Wittenstein Time Centre","datePublished":"2026-08-28T14:10:03+00:00","mainEntityOfPage":{"@id":"https:\/\/wittenstein.ee\/en\/news\/new-exhibition-estonian-book-500-at-wittenstein-time-centre\/"},"wordCount":250,"publisher":{"@id":"https:\/\/wittenstein.ee\/en\/#organization"},"image":{"@id":"https:\/\/wittenstein.ee\/en\/news\/new-exhibition-estonian-book-500-at-wittenstein-time-centre\/#primaryimage"},"thumbnailUrl":"https:\/\/wittenstein.ee\/wp-content\/uploads\/2026\/08\/Uus-naitus.png","articleSection":["News"],"inLanguage":"en-US"},{"@type":"WebPage","@id":"https:\/\/wittenstein.ee\/en\/news\/new-exhibition-estonian-book-500-at-wittenstein-time-centre\/","url":"https:\/\/wittenstein.ee\/en\/news\/new-exhibition-estonian-book-500-at-wittenstein-time-centre\/","name":"New Exhibition \u201cEstonian Book 500\u201d at Wittenstein Time Centre - Wittenstein","isPartOf":{"@id":"https:\/\/wittenstein.ee\/en\/#website"},"primaryImageOfPage":{"@id":"https:\/\/wittenstein.ee\/en\/news\/new-exhibition-estonian-book-500-at-wittenstein-time-centre\/#primaryimage"},"image":{"@id":"https:\/\/wittenstein.ee\/en\/news\/new-exhibition-estonian-book-500-at-wittenstein-time-centre\/#primaryimage"},"thumbnailUrl":"https:\/\/wittenstein.ee\/wp-content\/uploads\/2026\/08\/Uus-naitus.png","datePublished":"2026-08-28T14:10:03+00:00","breadcrumb":{"@id":"https:\/\/wittenstein.ee\/en\/news\/new-exhibition-estonian-book-500-at-wittenstein-time-centre\/#breadcrumb"},"inLanguage":"en-US","potentialAction":[{"@type":"ReadAction","target":["https:\/\/wittenstein.ee\/en\/news\/new-exhibition-estonian-book-500-at-wittenstein-time-centre\/"]}]},{"@type":"ImageObject","inLanguage":"en-US","@id":"https:\/\/wittenstein.ee\/en\/news\/new-exhibition-estonian-book-500-at-wittenstein-time-centre\/#primaryimage","url":"https:\/\/wittenstein.ee\/wp-content\/uploads\/2026\/08\/Uus-naitus.png","contentUrl":"https:\/\/wittenstein.ee\/wp-content\/uploads\/2026\/08\/Uus-naitus.png","width":800,"height":541},{"@type":"BreadcrumbList","@id":"https:\/\/wittenstein.ee\/en\/news\/new-exhibition-estonian-book-500-at-wittenstein-time-centre\/#breadcrumb","itemListElement":[{"@type":"ListItem","position":1,"name":"Home","item":"https:\/\/wittenstein.ee\/en\/"},{"@type":"ListItem","position":2,"name":"New Exhibition \u201cEstonian Book 500\u201d at Wittenstein Time Centre"}]},{"@type":"WebSite","@id":"https:\/\/wittenstein.ee\/en\/#website","url":"https:\/\/wittenstein.ee\/en\/","name":"Ajakeskus Wittenstein","description":"","publisher":{"@id":"https:\/\/wittenstein.ee\/en\/#organization"},"potentialAction":[{"@type":"SearchAction","target":{"@type":"EntryPoint","urlTemplate":"https:\/\/wittenstein.ee\/en\/?s={search_term_string}"},"query-input":{"@type":"PropertyValueSpecification","valueRequired":true,"valueName":"search_term_string"}}],"inLanguage":"en-US"},{"@type":"Organization","@id":"https:\/\/wittenstein.ee\/en\/#organization","name":"Ajakeskus Wittenstein","url":"https:\/\/wittenstein.ee\/en\/","logo":{"@type":"ImageObject","inLanguage":"en-US","@id":"https:\/\/wittenstein.ee\/en\/#\/schema\/logo\/image\/","url":"https:\/\/wittenstein.eu\/wp-content\/uploads\/2018\/01\/ajakeskus_wittenstein_logo_vectorized-e1570191880461.png","contentUrl":"https:\/\/wittenstein.eu\/wp-content\/uploads\/2018\/01\/ajakeskus_wittenstein_logo_vectorized-e1570191880461.png","width":1579,"height":1701,"caption":"Ajakeskus Wittenstein"},"image":{"@id":"https:\/\/wittenstein.ee\/en\/#\/schema\/logo\/image\/"},"sameAs":["https:\/\/www.facebook.com\/ajakeskus"]},{"@type":"Person","@id":"https:\/\/wittenstein.ee\/en\/#\/schema\/person\/5b65e5fa69c3b78c0907243da2a0de2c","name":"Eliis"}]}},"_links":{"self":[{"href":"https:\/\/wittenstein.ee\/en\/wp-json\/wp\/v2\/posts\/18526","targetHints":{"allow":["GET"]}}],"collection":[{"href":"https:\/\/wittenstein.ee\/en\/wp-json\/wp\/v2\/posts"}],"about":[{"href":"https:\/\/wittenstein.ee\/en\/wp-json\/wp\/v2\/types\/post"}],"author":[{"embeddable":true,"href":"https:\/\/wittenstein.ee\/en\/wp-json\/wp\/v2\/users\/4"}],"replies":[{"embeddable":true,"href":"https:\/\/wittenstein.ee\/en\/wp-json\/wp\/v2\/comments?post=18526"}],"version-history":[{"count":1,"href":"https:\/\/wittenstein.ee\/en\/wp-json\/wp\/v2\/posts\/18526\/revisions"}],"predecessor-version":[{"id":18528,"href":"https:\/\/wittenstein.ee\/en\/wp-json\/wp\/v2\/posts\/18526\/revisions\/18528"}],"wp:featuredmedia":[{"embeddable":true,"href":"https:\/\/wittenstein.ee\/en\/wp-json\/wp\/v2\/media\/18527"}],"wp:attachment":[{"href":"https:\/\/wittenstein.ee\/en\/wp-json\/wp\/v2\/media?parent=18526"}],"wp:term":[{"taxonomy":"category","embeddable":true,"href":"https:\/\/wittenstein.ee\/en\/wp-json\/wp\/v2\/categories?post=18526"},{"taxonomy":"post_tag","embeddable":true,"href":"https:\/\/wittenstein.ee\/en\/wp-json\/wp\/v2\/tags?post=18526"}],"curies":[{"name":"wp","href":"https:\/\/api.w.org\/{rel}","templated":true}]}}